[{"@context":"https:\/\/schema.org\/","@type":"Article","@id":"https:\/\/www.ajedu.cz\/mily-a-ochotny-personal\/#Article","mainEntityOfPage":"https:\/\/www.ajedu.cz\/mily-a-ochotny-personal\/","headline":"Mil\u00fd a ochotn\u00fd person\u00e1l","name":"Mil\u00fd a ochotn\u00fd person\u00e1l","description":"Pokud osobn\u011b nav\u0161t\u00edv\u00edte na\u0161i prodejnu, ur\u010dit\u011b ocen\u00edte, jak se k V\u00e1m na\u0161i zam\u011bstnanci budou chovat. Jde n\u00e1m p\u0159edev\u0161\u00edm o Va\u0161i spokojenost, a proto zam\u011bstn\u00e1v\u00e1me sam\u00e9 mil\u00e9 a ochotn\u00e9 pracovn\u00edky, kter\u00fdm z\u00e1le\u017e\u00ed hlavn\u011b na tom, abyste u n\u00e1s po\u0159\u00eddili to spr\u00e1vn\u00e9 okno do Va\u0161eho vozidla. Na\u0161e spole\u010dnost p\u016fsob\u00ed na \u010cesk\u00e9m trhu u\u017e n\u011bjak\u00fd ten rok a [&hellip;]","datePublished":"2023-08-14","dateModified":"2023-08-14","author":{"@type":"Person","@id":"https:\/\/www.ajedu.cz\/author\/#Person","name":"","url":"https:\/\/www.ajedu.cz\/author\/","identifier":1,"image":{"@type":"ImageObject","@id":"https:\/\/secure.gravatar.com\/avatar\/e2bc6fe70dccf39a55c73bbd7bca9ee949cec8871fdab6d0b20905b7ccca14f3?s=96&d=mm&r=g","url":"https:\/\/secure.gravatar.com\/avatar\/e2bc6fe70dccf39a55c73bbd7bca9ee949cec8871fdab6d0b20905b7ccca14f3?s=96&d=mm&r=g","height":96,"width":96}},"publisher":{"@type":"Organization","name":"ajedu.cz","logo":{"@type":"ImageObject","@id":"\/logo.png","url":"\/logo.png","width":600,"height":60}},"url":"https:\/\/www.ajedu.cz\/mily-a-ochotny-personal\/","wordCount":256,"articleBody":"Pokud osobn\u011b nav\u0161t\u00edv\u00edte na\u0161i prodejnu, ur\u010dit\u011b ocen\u00edte, jak se k V\u00e1m na\u0161i zam\u011bstnanci budou chovat. Jde n\u00e1m p\u0159edev\u0161\u00edm o Va\u0161i spokojenost, a proto zam\u011bstn\u00e1v\u00e1me sam\u00e9 mil\u00e9 a ochotn\u00e9 pracovn\u00edky, kter\u00fdm z\u00e1le\u017e\u00ed hlavn\u011b na tom, abyste u n\u00e1s po\u0159\u00eddili to spr\u00e1vn\u00e9 okno do Va\u0161eho vozidla. Na\u0161e spole\u010dnost p\u016fsob\u00ed na \u010cesk\u00e9m trhu u\u017e n\u011bjak\u00fd ten rok a za tu dobu jsme dovedli n\u00e1\u0161 p\u0159\u00edstup k z\u00e1kazn\u00edk\u016fm t\u00e9m\u011b\u0159 k dokonalosti. Ke ka\u017ed\u00e9mu na\u0161emu z\u00e1kazn\u00edkovi p\u0159istupujeme individu\u00e1ln\u011b, proto nemus\u00edte m\u00edt obavy, \u017ee byste u n\u00e1s byli n\u011bjak\u00fdm zp\u016fsobem p\u0159ehl\u00ed\u017eeni. Nev\u00e1hejte a obra\u0165te se na n\u00e1s i Vy. D\u00edky autosklu, kter\u00e9 si po\u0159\u00edd\u00edte pr\u00e1v\u011b u n\u00e1s, u\u0161et\u0159\u00edte obrovsk\u00e9 mno\u017estv\u00ed finan\u010dn\u00edch prost\u0159edk\u016f a Va\u0161e vozidlo bude dokonale chr\u00e1n\u011bno.Zacelen\u00ed oknaJestli\u017ee se i V\u00e1m stane, \u017ee n\u011bjak\u00fd kam\u00ednek vl\u00edtne do Va\u0161eho p\u0159edn\u00edho okna a vytvo\u0159\u00ed se takzvan\u00e1 hv\u011bzdi\u010dka, nemus\u00edte m\u00edt obavy z toho, \u017ee by se muselo vym\u011bnit cel\u00e9 okna. Na\u0161i odborn\u00edci, kte\u0159\u00ed pracuj\u00ed s autosklem, V\u00e1m tuto drobnou vadu na okn\u011b zacel\u00ed b\u011bhem p\u00e1r okam\u017eik\u016f a Vy se op\u011bt m\u016f\u017eete vydat na silnice.                                                                                                                                                                                                                                                                                                                                                                                        4.3\/5 - (15 votes)        "},{"@context":"https:\/\/schema.org\/","@type":"BreadcrumbList","itemListElement":[{"@type":"ListItem","position":1,"name":"Mil\u00fd a ochotn\u00fd person\u00e1l","item":"https:\/\/www.ajedu.cz\/mily-a-ochotny-personal\/#breadcrumbitem"}]}]