[{"@context":"https:\/\/schema.org\/","@type":"Article","@id":"https:\/\/www.ajedu.cz\/myslete-ekologicky\/#Article","mainEntityOfPage":"https:\/\/www.ajedu.cz\/myslete-ekologicky\/","headline":"Myslete ekologicky","name":"Myslete ekologicky","description":"Jist\u011b v\u0161ichni zn\u00e1me pocit, \u017ee jsme doma zavaleni igelitkami, pytl\u00edky a s\u00e1\u010dky v\u0161ech velikost\u00ed, tvar\u016f a barev. Kdy\u017e n\u00e1m za\u010dnou p\u0159ek\u00e1\u017eet, zbav\u00edme se jich. Ti m\u00e9n\u011b uv\u011bdom\u011bl\u00ed vyhazuj\u00ed v\u0161e do sm\u011bsn\u00e9ho komun\u00e1ln\u00edho odpadu, ti pou\u010den\u011bj\u0161\u00ed jedinci igelitky a pap\u00edrov\u00e9 s\u00e1\u010dky vyhazuj\u00ed do ur\u010den\u00fdch kontejner\u016f. Ale pro\u010d zbyte\u010dn\u011b zat\u011b\u017eovat \u017eivotn\u00ed prost\u0159ed\u00ed, kdy\u017e m\u00e1me k dispozici velmi [&hellip;]","datePublished":"2024-11-29","dateModified":"2024-11-29","author":{"@type":"Person","@id":"https:\/\/www.ajedu.cz\/author\/#Person","name":"","url":"https:\/\/www.ajedu.cz\/author\/","identifier":1,"image":{"@type":"ImageObject","@id":"https:\/\/secure.gravatar.com\/avatar\/e2bc6fe70dccf39a55c73bbd7bca9ee949cec8871fdab6d0b20905b7ccca14f3?s=96&d=mm&r=g","url":"https:\/\/secure.gravatar.com\/avatar\/e2bc6fe70dccf39a55c73bbd7bca9ee949cec8871fdab6d0b20905b7ccca14f3?s=96&d=mm&r=g","height":96,"width":96}},"publisher":{"@type":"Organization","name":"ajedu.cz","logo":{"@type":"ImageObject","@id":"\/logo.png","url":"\/logo.png","width":600,"height":60}},"url":"https:\/\/www.ajedu.cz\/myslete-ekologicky\/","wordCount":173,"articleBody":"Jist\u011b v\u0161ichni zn\u00e1me pocit, \u017ee jsme doma zavaleni igelitkami, pytl\u00edky a s\u00e1\u010dky v\u0161ech velikost\u00ed, tvar\u016f a barev. Kdy\u017e n\u00e1m za\u010dnou p\u0159ek\u00e1\u017eet, zbav\u00edme se jich. Ti m\u00e9n\u011b uv\u011bdom\u011bl\u00ed vyhazuj\u00ed v\u0161e do sm\u011bsn\u00e9ho komun\u00e1ln\u00edho odpadu, ti pou\u010den\u011bj\u0161\u00ed jedinci igelitky a pap\u00edrov\u00e9 s\u00e1\u010dky vyhazuj\u00ed do ur\u010den\u00fdch kontejner\u016f. Ale pro\u010d zbyte\u010dn\u011b zat\u011b\u017eovat \u017eivotn\u00ed prost\u0159ed\u00ed, kdy\u017e m\u00e1me k dispozici velmi jednoduch\u00e9 \u0159e\u0161en\u00ed. Podpo\u0159te \u017eivotn\u00ed prost\u0159ed\u00ed Pou\u017e\u00edv\u00e1n\u00edm l\u00e1tkov\u00fdch ta\u0161ek se zbav\u00edte starost\u00ed s igelitov\u00fdmi a pap\u00edrov\u00fdmi s\u00e1\u010dky. D\u00edky mo\u017enosti v\u00fdroby z p\u0159\u00edrodn\u00edch materi\u00e1l\u016f jsou univerz\u00e1ln\u00edm pomocn\u00edkem s jednoduchou \u00fadr\u017ebou a mo\u017enost\u00ed opakovan\u00e9ho pou\u017eit\u00ed, kter\u00fd nezat\u011b\u017euje \u017eivotn\u00ed prost\u0159ed\u00ed. Va\u0161i l\u00e1tkovou ta\u0161ku budete moci vyu\u017e\u00edvat s v\u011bdom\u00edm, \u017ee jste svou volbou podpo\u0159ili zdrav\u011bj\u0161\u00ed planetu.                                                                                                                                                                                                                                                                                                                                                                                        4.8\/5 - (6 votes)        "},{"@context":"https:\/\/schema.org\/","@type":"BreadcrumbList","itemListElement":[{"@type":"ListItem","position":1,"name":"Myslete ekologicky","item":"https:\/\/www.ajedu.cz\/myslete-ekologicky\/#breadcrumbitem"}]}]