[{"@context":"https:\/\/schema.org\/","@type":"Blog","@id":"https:\/\/www.ajedu.cz#Blog","headline":"Ajedu","description":"\nPokud \u010dlov\u011bk zav\u00edt\u00e1 na na\u0161i str\u00e1nku s konkr\u00e9tn\u00edm \u00famyslem, neb\u00fdv\u00e1 zklam\u00e1n, a pokud na ni zav\u00edt\u00e1 n\u00e1hodou, odch\u00e1z\u00ed zpravidla p\u0159\u00edjemn\u011b p\u0159ekvapen. A o to n\u00e1m jde.","url":"https:\/\/www.ajedu.cz","hasPart":[{"@type":"Article","@id":"https:\/\/www.ajedu.cz\/aby-se-to-pobralo\/","headline":"Aby se to pobralo","url":"https:\/\/www.ajedu.cz\/aby-se-to-pobralo\/","datePublished":"2020-11-23","dateModified":"2024-02-01","mainEntityOfPage":"https:\/\/www.ajedu.cz\/aby-se-to-pobralo\/","author":{"@type":"Person","@id":"https:\/\/www.ajedu.cz\/author\/#Person","name":"","url":"https:\/\/www.ajedu.cz\/author\/","identifier":1,"image":{"@type":"ImageObject","@id":"https:\/\/secure.gravatar.com\/avatar\/e2bc6fe70dccf39a55c73bbd7bca9ee949cec8871fdab6d0b20905b7ccca14f3?s=96&d=mm&r=g","url":"https:\/\/secure.gravatar.com\/avatar\/e2bc6fe70dccf39a55c73bbd7bca9ee949cec8871fdab6d0b20905b7ccca14f3?s=96&d=mm&r=g","height":96,"width":96}},"publisher":{"@type":"Organization","name":"ajedu.cz","logo":{"@type":"ImageObject","@id":"\/logo.png","url":"\/logo.png","width":600,"height":60}},"image":{"@type":"ImageObject","@id":"https:\/\/www.ajedu.cz\/wp-content\/uploads\/dod%C3%A1vka%20u%20plotu.jpg","url":"https:\/\/www.ajedu.cz\/wp-content\/uploads\/dod%C3%A1vka%20u%20plotu.jpg","height":0,"width":0},"wordCount":600,"keywords":null},{"@type":"Article","@id":"https:\/\/www.ajedu.cz\/alternativa-ku-klasickemu-bydleni\/","headline":"Alternativa ku klasick\u00e9mu bydlen\u00ed","url":"https:\/\/www.ajedu.cz\/alternativa-ku-klasickemu-bydleni\/","datePublished":"2020-11-16","dateModified":"2023-05-07","mainEntityOfPage":"https:\/\/www.ajedu.cz\/alternativa-ku-klasickemu-bydleni\/","author":{"@type":"Person","@id":"https:\/\/www.ajedu.cz\/author\/#Person","name":"","url":"https:\/\/www.ajedu.cz\/author\/","identifier":1,"image":{"@type":"ImageObject","@id":"https:\/\/secure.gravatar.com\/avatar\/e2bc6fe70dccf39a55c73bbd7bca9ee949cec8871fdab6d0b20905b7ccca14f3?s=96&d=mm&r=g","url":"https:\/\/secure.gravatar.com\/avatar\/e2bc6fe70dccf39a55c73bbd7bca9ee949cec8871fdab6d0b20905b7ccca14f3?s=96&d=mm&r=g","height":96,"width":96}},"publisher":{"@type":"Organization","name":"ajedu.cz","logo":{"@type":"ImageObject","@id":"\/logo.png","url":"\/logo.png","width":600,"height":60}},"image":{"@type":"ImageObject","@id":"https:\/\/www.ajedu.cz\/wp-content\/uploads\/Doma%20je%20doma.jpg","url":"https:\/\/www.ajedu.cz\/wp-content\/uploads\/Doma%20je%20doma.jpg","height":0,"width":0},"wordCount":737,"keywords":null},{"@type":"Article","@id":"https:\/\/www.ajedu.cz\/co-nabizi-eroticka-masaz-budete-prekvapeni-co-vsechno-muzete-zazit\/","headline":"Co nab\u00edz\u00ed erotick\u00e1 mas\u00e1\u017e? Budete p\u0159ekvapeni, co v\u0161echno m\u016f\u017eete za\u017e\u00edt!","url":"https:\/\/www.ajedu.cz\/co-nabizi-eroticka-masaz-budete-prekvapeni-co-vsechno-muzete-zazit\/","datePublished":"2020-10-23","dateModified":"2023-05-07","mainEntityOfPage":"https:\/\/www.ajedu.cz\/co-nabizi-eroticka-masaz-budete-prekvapeni-co-vsechno-muzete-zazit\/","author":{"@type":"Person","@id":"https:\/\/www.ajedu.cz\/author\/#Person","name":"","url":"https:\/\/www.ajedu.cz\/author\/","identifier":1,"image":{"@type":"ImageObject","@id":"https:\/\/secure.gravatar.com\/avatar\/e2bc6fe70dccf39a55c73bbd7bca9ee949cec8871fdab6d0b20905b7ccca14f3?s=96&d=mm&r=g","url":"https:\/\/secure.gravatar.com\/avatar\/e2bc6fe70dccf39a55c73bbd7bca9ee949cec8871fdab6d0b20905b7ccca14f3?s=96&d=mm&r=g","height":96,"width":96}},"publisher":{"@type":"Organization","name":"ajedu.cz","logo":{"@type":"ImageObject","@id":"\/logo.png","url":"\/logo.png","width":600,"height":60}},"image":{"@type":"ImageObject","@id":"https:\/\/www.ajedu.cz\/wp-content\/uploads\/pexels-photo-3768926.jpeg","url":"https:\/\/www.ajedu.cz\/wp-content\/uploads\/pexels-photo-3768926.jpeg","height":0,"width":0},"wordCount":611,"keywords":null},{"@type":"Article","@id":"https:\/\/www.ajedu.cz\/textilni-galanterie\/","headline":"Textiln\u00ed galanterie","url":"https:\/\/www.ajedu.cz\/textilni-galanterie\/","datePublished":"2020-10-19","dateModified":"2023-05-07","mainEntityOfPage":"https:\/\/www.ajedu.cz\/textilni-galanterie\/","author":{"@type":"Person","@id":"https:\/\/www.ajedu.cz\/author\/#Person","name":"","url":"https:\/\/www.ajedu.cz\/author\/","identifier":1,"image":{"@type":"ImageObject","@id":"https:\/\/secure.gravatar.com\/avatar\/e2bc6fe70dccf39a55c73bbd7bca9ee949cec8871fdab6d0b20905b7ccca14f3?s=96&d=mm&r=g","url":"https:\/\/secure.gravatar.com\/avatar\/e2bc6fe70dccf39a55c73bbd7bca9ee949cec8871fdab6d0b20905b7ccca14f3?s=96&d=mm&r=g","height":96,"width":96}},"publisher":{"@type":"Organization","name":"ajedu.cz","logo":{"@type":"ImageObject","@id":"\/logo.png","url":"\/logo.png","width":600,"height":60}},"image":{"@type":"ImageObject","@id":"https:\/\/www.ajedu.cz\/wp-content\/uploads\/klubka%20vlny.png","url":"https:\/\/www.ajedu.cz\/wp-content\/uploads\/klubka%20vlny.png","height":0,"width":0},"wordCount":1025,"keywords":null},{"@type":"Article","@id":"https:\/\/www.ajedu.cz\/obal-na-mobil-samsung-muze-pripominat-papirovou-knizku\/","headline":"Obal na mobil Samsung m\u016f\u017ee p\u0159ipom\u00ednat pap\u00edrovou kn\u00ed\u017eku","url":"https:\/\/www.ajedu.cz\/obal-na-mobil-samsung-muze-pripominat-papirovou-knizku\/","datePublished":"2020-10-19","dateModified":"2023-05-07","mainEntityOfPage":"https:\/\/www.ajedu.cz\/obal-na-mobil-samsung-muze-pripominat-papirovou-knizku\/","author":{"@type":"Person","@id":"https:\/\/www.ajedu.cz\/author\/#Person","name":"","url":"https:\/\/www.ajedu.cz\/author\/","identifier":1,"image":{"@type":"ImageObject","@id":"https:\/\/secure.gravatar.com\/avatar\/e2bc6fe70dccf39a55c73bbd7bca9ee949cec8871fdab6d0b20905b7ccca14f3?s=96&d=mm&r=g","url":"https:\/\/secure.gravatar.com\/avatar\/e2bc6fe70dccf39a55c73bbd7bca9ee949cec8871fdab6d0b20905b7ccca14f3?s=96&d=mm&r=g","height":96,"width":96}},"publisher":{"@type":"Organization","name":"ajedu.cz","logo":{"@type":"ImageObject","@id":"\/logo.png","url":"\/logo.png","width":600,"height":60}},"image":{"@type":"ImageObject","@id":"https:\/\/www.ajedu.cz\/wp-content\/uploads\/telefon%20Samsung_1.jpg","url":"https:\/\/www.ajedu.cz\/wp-content\/uploads\/telefon%20Samsung_1.jpg","height":0,"width":0},"wordCount":636,"keywords":null},{"@type":"Article","@id":"https:\/\/www.ajedu.cz\/sluzby-motoristum\/","headline":"Slu\u017eby motorist\u016fm","url":"https:\/\/www.ajedu.cz\/sluzby-motoristum\/","datePublished":"2020-10-18","dateModified":"2023-05-07","mainEntityOfPage":"https:\/\/www.ajedu.cz\/sluzby-motoristum\/","author":{"@type":"Person","@id":"https:\/\/www.ajedu.cz\/author\/#Person","name":"","url":"https:\/\/www.ajedu.cz\/author\/","identifier":1,"image":{"@type":"ImageObject","@id":"https:\/\/secure.gravatar.com\/avatar\/e2bc6fe70dccf39a55c73bbd7bca9ee949cec8871fdab6d0b20905b7ccca14f3?s=96&d=mm&r=g","url":"https:\/\/secure.gravatar.com\/avatar\/e2bc6fe70dccf39a55c73bbd7bca9ee949cec8871fdab6d0b20905b7ccca14f3?s=96&d=mm&r=g","height":96,"width":96}},"publisher":{"@type":"Organization","name":"ajedu.cz","logo":{"@type":"ImageObject","@id":"\/logo.png","url":"\/logo.png","width":600,"height":60}},"image":{"@type":"ImageObject","@id":"https:\/\/www.ajedu.cz\/wp-content\/uploads\/img_a279053_w1720_t1602660326.jpg","url":"https:\/\/www.ajedu.cz\/wp-content\/uploads\/img_a279053_w1720_t1602660326.jpg","height":0,"width":0},"wordCount":469,"keywords":null},{"@type":"Article","@id":"https:\/\/www.ajedu.cz\/slusne-chovani-je-dnes-jiz-tabu\/","headline":"Slu\u0161n\u00e9 chov\u00e1n\u00ed je dnes ji\u017e tabu?","url":"https:\/\/www.ajedu.cz\/slusne-chovani-je-dnes-jiz-tabu\/","datePublished":"2020-10-10","dateModified":"2023-05-07","mainEntityOfPage":"https:\/\/www.ajedu.cz\/slusne-chovani-je-dnes-jiz-tabu\/","author":{"@type":"Person","@id":"https:\/\/www.ajedu.cz\/author\/#Person","name":"","url":"https:\/\/www.ajedu.cz\/author\/","identifier":1,"image":{"@type":"ImageObject","@id":"https:\/\/secure.gravatar.com\/avatar\/e2bc6fe70dccf39a55c73bbd7bca9ee949cec8871fdab6d0b20905b7ccca14f3?s=96&d=mm&r=g","url":"https:\/\/secure.gravatar.com\/avatar\/e2bc6fe70dccf39a55c73bbd7bca9ee949cec8871fdab6d0b20905b7ccca14f3?s=96&d=mm&r=g","height":96,"width":96}},"publisher":{"@type":"Organization","name":"ajedu.cz","logo":{"@type":"ImageObject","@id":"\/logo.png","url":"\/logo.png","width":600,"height":60}},"image":null,"wordCount":610,"keywords":null},{"@type":"Article","@id":"https:\/\/www.ajedu.cz\/rodinny-rozpocet-pro-zacatecniky\/","headline":"Rodinn\u00fd rozpo\u010det pro za\u010d\u00e1te\u010dn\u00edky","url":"https:\/\/www.ajedu.cz\/rodinny-rozpocet-pro-zacatecniky\/","datePublished":"2020-09-24","dateModified":"2023-05-07","mainEntityOfPage":"https:\/\/www.ajedu.cz\/rodinny-rozpocet-pro-zacatecniky\/","author":{"@type":"Person","@id":"https:\/\/www.ajedu.cz\/author\/#Person","name":"","url":"https:\/\/www.ajedu.cz\/author\/","identifier":1,"image":{"@type":"ImageObject","@id":"https:\/\/secure.gravatar.com\/avatar\/e2bc6fe70dccf39a55c73bbd7bca9ee949cec8871fdab6d0b20905b7ccca14f3?s=96&d=mm&r=g","url":"https:\/\/secure.gravatar.com\/avatar\/e2bc6fe70dccf39a55c73bbd7bca9ee949cec8871fdab6d0b20905b7ccca14f3?s=96&d=mm&r=g","height":96,"width":96}},"publisher":{"@type":"Organization","name":"ajedu.cz","logo":{"@type":"ImageObject","@id":"\/logo.png","url":"\/logo.png","width":600,"height":60}},"image":{"@type":"ImageObject","@id":"https:\/\/www.ajedu.cz\/wp-content\/uploads\/img_a318736_w2263_t1529587459.jpg","url":"https:\/\/www.ajedu.cz\/wp-content\/uploads\/img_a318736_w2263_t1529587459.jpg","height":0,"width":0},"wordCount":774,"keywords":null},{"@type":"Article","@id":"https:\/\/www.ajedu.cz\/ubyva-ctenaru-mezi-mladymi-lidmi\/","headline":"Ub\u00fdv\u00e1 \u010dten\u00e1\u0159\u016f mezi mlad\u00fdmi lidmi","url":"https:\/\/www.ajedu.cz\/ubyva-ctenaru-mezi-mladymi-lidmi\/","datePublished":"2020-09-20","dateModified":"2023-05-07","mainEntityOfPage":"https:\/\/www.ajedu.cz\/ubyva-ctenaru-mezi-mladymi-lidmi\/","author":{"@type":"Person","@id":"https:\/\/www.ajedu.cz\/author\/#Person","name":"","url":"https:\/\/www.ajedu.cz\/author\/","identifier":1,"image":{"@type":"ImageObject","@id":"https:\/\/secure.gravatar.com\/avatar\/e2bc6fe70dccf39a55c73bbd7bca9ee949cec8871fdab6d0b20905b7ccca14f3?s=96&d=mm&r=g","url":"https:\/\/secure.gravatar.com\/avatar\/e2bc6fe70dccf39a55c73bbd7bca9ee949cec8871fdab6d0b20905b7ccca14f3?s=96&d=mm&r=g","height":96,"width":96}},"publisher":{"@type":"Organization","name":"ajedu.cz","logo":{"@type":"ImageObject","@id":"\/logo.png","url":"\/logo.png","width":600,"height":60}},"image":{"@type":"ImageObject","@id":"https:\/\/www.ajedu.cz\/wp-content\/uploads\/img_a305666_w2332_t1517165253.jpg","url":"https:\/\/www.ajedu.cz\/wp-content\/uploads\/img_a305666_w2332_t1517165253.jpg","height":0,"width":0},"wordCount":439,"keywords":null},{"@type":"Article","@id":"https:\/\/www.ajedu.cz\/proc-se-muzum-nekdy-zda-chovani-zen-naprosto-nepochopitelne\/","headline":"Pro\u010d se mu\u017e\u016fm n\u011bkdy zd\u00e1 chov\u00e1n\u00ed \u017een naprosto nepochopiteln\u00e9\u2026?!","url":"https:\/\/www.ajedu.cz\/proc-se-muzum-nekdy-zda-chovani-zen-naprosto-nepochopitelne\/","datePublished":"2020-09-16","dateModified":"2023-05-07","mainEntityOfPage":"https:\/\/www.ajedu.cz\/proc-se-muzum-nekdy-zda-chovani-zen-naprosto-nepochopitelne\/","author":{"@type":"Person","@id":"https:\/\/www.ajedu.cz\/author\/#Person","name":"","url":"https:\/\/www.ajedu.cz\/author\/","identifier":1,"image":{"@type":"ImageObject","@id":"https:\/\/secure.gravatar.com\/avatar\/e2bc6fe70dccf39a55c73bbd7bca9ee949cec8871fdab6d0b20905b7ccca14f3?s=96&d=mm&r=g","url":"https:\/\/secure.gravatar.com\/avatar\/e2bc6fe70dccf39a55c73bbd7bca9ee949cec8871fdab6d0b20905b7ccca14f3?s=96&d=mm&r=g","height":96,"width":96}},"publisher":{"@type":"Organization","name":"ajedu.cz","logo":{"@type":"ImageObject","@id":"\/logo.png","url":"\/logo.png","width":600,"height":60}},"image":{"@type":"ImageObject","@id":"https:\/\/www.ajedu.cz\/wp-content\/uploads\/img_a294593_w2327_t1506452011.jpg","url":"https:\/\/www.ajedu.cz\/wp-content\/uploads\/img_a294593_w2327_t1506452011.jpg","height":0,"width":0},"wordCount":580,"keywords":null}]},{"@context":"https:\/\/schema.org","@type":"WebSite","@id":"https:\/\/www.ajedu.cz\/#website","name":"Ajedu","url":"https:\/\/www.ajedu.cz","potentialAction":{"@type":"SearchAction","target":"https:\/\/www.ajedu.cz\/?s={search_term_string}","query-input":"required name=search_term_string"}}]