[{"@context":"https:\/\/schema.org\/","@type":"Article","@id":"https:\/\/www.ajedu.cz\/posvitte-si-na-svuj-domov-elegantne\/#Article","mainEntityOfPage":"https:\/\/www.ajedu.cz\/posvitte-si-na-svuj-domov-elegantne\/","headline":"Posvi\u0165te si na sv\u016fj domov elegantn\u011b","name":"Posvi\u0165te si na sv\u016fj domov elegantn\u011b","description":"Nebojte se experiment\u016f i ve Va\u0161em domov\u011b. Chcete p\u0159ece bydlet pohodln\u011b, a z\u00e1rove\u0148 podle nejnov\u011bj\u0161\u00edch sm\u011br\u016f v oblasti designu. Nem\u011bjte obavy, \u017ee to u V\u00e1s doma nejde. I kdy\u017e m\u00e1te doma je\u0161t\u011b mal\u00e9 d\u011bti, kter\u00e9 mohou leccos rozb\u00edt, nebo poni\u010dit, ur\u010dit\u011b vychyt\u00e1te vzhled Va\u0161eho domova i s ohledem na n\u011b.Za\u010dn\u011bte t\u0159eba pr\u00e1v\u011b s osv\u011btlen\u00edm . [&hellip;]","datePublished":"2019-02-18","dateModified":"2023-05-07","author":{"@type":"Person","@id":"https:\/\/www.ajedu.cz\/author\/#Person","name":"","url":"https:\/\/www.ajedu.cz\/author\/","identifier":1,"image":{"@type":"ImageObject","@id":"https:\/\/secure.gravatar.com\/avatar\/e2bc6fe70dccf39a55c73bbd7bca9ee949cec8871fdab6d0b20905b7ccca14f3?s=96&d=mm&r=g","url":"https:\/\/secure.gravatar.com\/avatar\/e2bc6fe70dccf39a55c73bbd7bca9ee949cec8871fdab6d0b20905b7ccca14f3?s=96&d=mm&r=g","height":96,"width":96}},"publisher":{"@type":"Organization","name":"ajedu.cz","logo":{"@type":"ImageObject","@id":"\/logo.png","url":"\/logo.png","width":600,"height":60}},"image":{"@type":"ImageObject","@id":"https:\/\/www.ajedu.cz\/wp-content\/uploads\/img_a338897_w1713_t1552034215.jpg","url":"https:\/\/www.ajedu.cz\/wp-content\/uploads\/img_a338897_w1713_t1552034215.jpg","height":0,"width":0},"url":"https:\/\/www.ajedu.cz\/posvitte-si-na-svuj-domov-elegantne\/","about":["N\u00e1kupy"],"wordCount":450,"articleBody":"Nebojte  se experiment\u016f  i ve Va\u0161em domov\u011b. Chcete p\u0159ece bydlet pohodln\u011b, a z\u00e1rove\u0148 podle nejnov\u011bj\u0161\u00edch sm\u011br\u016f v oblasti designu. Nem\u011bjte obavy, \u017ee to u V\u00e1s doma nejde. I kdy\u017e m\u00e1te doma je\u0161t\u011b mal\u00e9 d\u011bti, kter\u00e9 mohou leccos rozb\u00edt, nebo poni\u010dit, ur\u010dit\u011b vychyt\u00e1te vzhled Va\u0161eho domova i s ohledem na n\u011b.Za\u010dn\u011bte t\u0159eba pr\u00e1v\u011b s osv\u011btlen\u00edm .&#13; Zbavte se lustr\u016f. A \u010d\u00edm budete sv\u00edtit? Nen\u00ed na tom nic komplikovan\u00e9ho. Ani lampy V\u00e1m ti mal\u00ed nezbedn\u00edci nebudou moci rozb\u00edt neposedn\u00fdm kopac\u00edm m\u00ed\u010dem, kter\u00fd se jen tak s\u00e1m od sebe m\u016f\u017ee pohybovat v prostor\u00e1ch domova. Samoz\u0159ejm\u011b, \u017ee s\u00e1m vysko\u010dil a n\u011bco rozbil. Jak jinak. Vy ale m\u016f\u017eete p\u0159edej\u00edt takov\u00fdm okam\u017eik\u016fm t\u00edm, \u017ee lampy a lustry nahrad\u00edte vestavn\u00fdm osv\u011btlen\u00edm, kter\u00e9ho je na trhu neuv\u011b\u0159iteln\u00e9 mno\u017estv\u00ed.&#13; Ano, je to takov\u00e9 netradi\u010dn\u00ed \u0159e\u0161en\u00ed. Ale v\u011b\u0159te, \u017ee pat\u0159\u00ed k modern\u00edmu osv\u011btlen\u00ed v ka\u017ed\u00e9m byt\u011b. A nejenom v n\u011bm, ale i v komer\u010dn\u00edch prostor\u00e1ch. Ale neodb\u00edhejme. Jen si p\u0159edstavte, \u017ee p\u0159ekro\u010d\u00edte st\u00edn sv\u00e9ho dosavadn\u00edho bydlen\u00ed a um\u00edst\u00edte kvalitn\u00ed vestavn\u00e1 sv\u00edtidla v\u0161ude po byt\u011b.&#13; U\u017e nebudete sou\u010d\u00e1st\u00ed hlavn\u00edho proudu lustr\u016f nad konferen\u010dn\u00edmi stolky, kter\u00e9 notabene ob\u010das skute\u010dn\u011b p\u0159ek\u00e1\u017eej\u00ed ve v\u00fdhledu. Kolikr\u00e1t jste se brnkli o n\u00edzko vis\u00edc\u00ed lustr nad konferen\u010dn\u00edm stolkem, kdy\u017e jste byli na n\u00e1v\u0161t\u011bv\u011b u zn\u00e1m\u00fdch? Kousek to byl tedy opravdu v\u00fdstavn\u00ed. V\u00fdst\u0159el bytov\u00e9ho designu! Ale ta prakti\u010dnost? Ta se tedy zcela vytratila, co \u0159\u00edk\u00e1te?&#13; Vy budete pr\u016fkopn\u00edky docela jin\u00e9ho osv\u011btlen\u00ed, toho vestavn\u00e9ho, kter\u00e9 v podstat\u011b ani nebude vid\u011bt, a p\u0159itom se stane elegantn\u00ed sou\u010d\u00e1st\u00ed Va\u0161eho domova. Jen p\u0159i rozsv\u00edcen\u00ed bude n\u00e1v\u0161t\u011bva hledat zdroj sv\u011btla. Nakonec mus\u00edte m\u00edt podobn\u00e1 sv\u011bt\u00fdlka i v kuchyni nad pracovn\u00ed deskou, tak\u017ee v\u00edte, o jak\u00e9m osv\u011btlen\u00ed je tu \u0159e\u010d. A ta \u00faspora, kdy\u017e osv\u011btlen\u00ed bude v provozu na b\u00e1zi LED! To bude nav\u00edc je\u0161t\u011b \u00faspora! A co kopac\u00ed m\u00ed\u010d, kter\u00fd se s\u00e1m dostane, t\u0159eba pr\u00e1v\u011b do ob\u00fdvac\u00edho pokoje? Mysl\u00edte si, \u017ee je tak skv\u011bl\u00fd, \u017ee se tref\u00ed p\u0159\u00edmo tam, kam opravdu nem\u00e1? To by byla ale n\u00e1hoda!                                                                                                                                                                                                                                                                                                                                                                                        4.3\/5 - (10 votes)        "},{"@context":"https:\/\/schema.org\/","@type":"BreadcrumbList","itemListElement":[{"@type":"ListItem","position":1,"name":"Posvi\u0165te si na sv\u016fj domov elegantn\u011b","item":"https:\/\/www.ajedu.cz\/posvitte-si-na-svuj-domov-elegantne\/#breadcrumbitem"}]}]