[{"@context":"https:\/\/schema.org\/","@type":"Article","@id":"https:\/\/www.ajedu.cz\/razitka-jsou-v-kancelari-potreba\/#Article","mainEntityOfPage":"https:\/\/www.ajedu.cz\/razitka-jsou-v-kancelari-potreba\/","headline":"Raz\u00edtka jsou v kancel\u00e1\u0159i pot\u0159eba","name":"Raz\u00edtka jsou v kancel\u00e1\u0159i pot\u0159eba","description":"Pr\u00e1ce v kancel\u00e1\u0159i se zd\u00e1, jako proch\u00e1zka v r\u00e1ji, kde lidi sed\u00ed a n\u011bco ma\u010dkaj\u00ed na po\u010d\u00edta\u010di. Ov\u0161em mnohdy se jedn\u00e1 a mnohem t\u011b\u017e\u0161\u00ed pr\u00e1ci, ne\u017e tu manu\u00e1ln\u00ed. Kdy\u017e k tomu je\u0161t\u011b p\u0159id\u00e1te kolegy, kte\u0159\u00ed jsou nepo\u0159\u00e1dn\u00ed a neust\u00e1le V\u00e1m berou se stolu raz\u00edtka, nebo jin\u00e9 kancel\u00e1\u0159sk\u00e9 pot\u0159eby, je \u010dlov\u011bk \u00fapln\u011b k vytr\u017een\u00ed. V takov\u00e9m [&hellip;]","datePublished":"2021-08-22","dateModified":"2023-05-07","author":{"@type":"Person","@id":"https:\/\/www.ajedu.cz\/author\/#Person","name":"","url":"https:\/\/www.ajedu.cz\/author\/","identifier":1,"image":{"@type":"ImageObject","@id":"https:\/\/secure.gravatar.com\/avatar\/e2bc6fe70dccf39a55c73bbd7bca9ee949cec8871fdab6d0b20905b7ccca14f3?s=96&d=mm&r=g","url":"https:\/\/secure.gravatar.com\/avatar\/e2bc6fe70dccf39a55c73bbd7bca9ee949cec8871fdab6d0b20905b7ccca14f3?s=96&d=mm&r=g","height":96,"width":96}},"publisher":{"@type":"Organization","name":"ajedu.cz","logo":{"@type":"ImageObject","@id":"\/logo.png","url":"\/logo.png","width":600,"height":60}},"image":{"@type":"ImageObject","@id":"https:\/\/www.ajedu.cz\/wp-content\/uploads\/raz%C3%ADtka%20(2)_1.jpg","url":"https:\/\/www.ajedu.cz\/wp-content\/uploads\/raz%C3%ADtka%20(2)_1.jpg","height":0,"width":0},"url":"https:\/\/www.ajedu.cz\/razitka-jsou-v-kancelari-potreba\/","about":["N\u00e1kupy"],"wordCount":424,"articleBody":"    Pr\u00e1ce v kancel\u00e1\u0159i se zd\u00e1, jako proch\u00e1zka v r\u00e1ji, kde lidi sed\u00ed a n\u011bco ma\u010dkaj\u00ed na po\u010d\u00edta\u010di. Ov\u0161em mnohdy se jedn\u00e1 a mnohem t\u011b\u017e\u0161\u00ed pr\u00e1ci, ne\u017e tu manu\u00e1ln\u00ed. Kdy\u017e k tomu je\u0161t\u011b p\u0159id\u00e1te kolegy, kte\u0159\u00ed jsou nepo\u0159\u00e1dn\u00ed a neust\u00e1le V\u00e1m berou se stolu raz\u00edtka, nebo jin\u00e9 kancel\u00e1\u0159sk\u00e9 pot\u0159eby, je \u010dlov\u011bk \u00fapln\u011b k vytr\u017een\u00ed. V takov\u00e9m p\u0159\u00edpad\u011b byste \u0161li ke kolegovi a nejrad\u0161i byste mu dali p\u00e1r facek. N\u011bkdy toti\u017e nen\u00ed v\u016fbec \u010das na to, abyste l\u00edtali po kancel\u00e1\u0159i a hledali svoje raz\u00edtko. \u0158idi\u010d je nerv\u00f3zn\u00ed, \u010dek\u00e1 na potvrzen\u00ed pap\u00edr\u016f a vy m\u00edsto toho l\u00edt\u00e1te po kancel\u00e1\u0159i a nev\u00edte kde je. Pokud jste n\u011bco takov\u00e9 za\u017eili, nebo to m\u00e1te na denn\u00edm po\u0159\u00e1dku, tak nav\u0161tivte obchod v\u00fdroba raz\u00edtek Praha 4, kde V\u00e1m ud\u011blaj\u00ed raz\u00edtka i na po\u010dk\u00e1n\u00ed.Tato firma m\u00e1 zku\u0161enosti ji\u017e od roku 1992, kdy na trhu za\u010d\u00ednala s vizitkami. Jejich zku\u0161enosti jsou v dne\u0161n\u00ed dob\u011b na vysok\u00e9 \u00farovni a svoj\u00ed \u010dinnost neust\u00e1le zdokonaluj\u00ed. Nab\u00eddnou V\u00e1m raz\u00edtka do \u0161koly, na keramiku, d\u0159ev\u011bn\u00e1 raz\u00edtka, v\u00edcebarevn\u00e1 raz\u00edtka, \u010di klasick\u00e1 kancel\u00e1\u0159sk\u00e1 raz\u00edtka Trodat a Colop. Ve\u0161ker\u00e9 raz\u00edtka si firma vyr\u00e1b\u00ed sama a zodpov\u00edd\u00e1 za jejich kvalitu. Tak\u00e9 zde vyr\u00e1b\u011bj\u00ed raz\u00edtka na po\u010dk\u00e1n\u00ed, a pokud jedete na firemn\u00ed sch\u016fzi a nem\u00e1te sebou raz\u00edtko, tak tady V\u00e1m ho za n\u011bkolik minut ud\u011blaj\u00ed. Sta\u010d\u00ed pouze v\u011bd\u011bt z\u00e1kladn\u00ed informace, kter\u00e9 na raz\u00edtku chcete a tak\u00e9 po\u010det \u0159\u00e1dk\u016f, kolik chcete. Nav\u00edc na mnoho raz\u00edtek nab\u00edz\u00ed firma b\u011bhem roku slevu a u\u0161et\u0159\u00edte tak n\u011bjak\u00e9 pen\u00edze. Pokud pou\u017e\u00edv\u00e1 raz\u00edtko v\u00edce lid\u00ed denn\u011b, tak je dobr\u00e9 si zakoupit antibakteri\u00e1ln\u00ed raz\u00edtka, kter\u00e9 jsou speci\u00e1ln\u011b vytvo\u0159en\u00e9, aby nep\u0159en\u00e1\u0161eli viry a bakterie. D\u00edky tomu nedoch\u00e1z\u00ed k \u017e\u00e1dn\u00e9mu \u0161\u00ed\u0159en\u00ed viru, ani bakteri\u00ed.Pokud tedy m\u00e1te nepo\u0159\u00e1dn\u00e9 kolegy a neust\u00e1le V\u00e1m berou Va\u0161e raz\u00edtka ze stolu, tak si nakupte nov\u00e9 raz\u00edtka a i n\u011bjak\u00e1 pro kolegy. Zaru\u010den\u011b budou r\u00e1di a dokonce V\u00e1m za raz\u00edtka zaplat\u00ed, aby m\u011bli i oni sv\u00e9 raz\u00edtka.                                                                                                                                                                                                                                                                                                                                                                                         3.5\/5 - (2 votes)        "},{"@context":"https:\/\/schema.org\/","@type":"BreadcrumbList","itemListElement":[{"@type":"ListItem","position":1,"name":"Raz\u00edtka jsou v kancel\u00e1\u0159i pot\u0159eba","item":"https:\/\/www.ajedu.cz\/razitka-jsou-v-kancelari-potreba\/#breadcrumbitem"}]}]